{"id":545,"date":"2017-11-29T16:57:27","date_gmt":"2017-11-29T15:57:27","guid":{"rendered":"http:\/\/culturdes.umh.es\/?p=545"},"modified":"2019-07-05T07:52:17","modified_gmt":"2019-07-05T07:52:17","slug":"participacion-en-el-8o-coloquio-internacional-filosofia-e-ficcao-tenda-dos-milagres-saberes-na-diferenca","status":"publish","type":"post","link":"https:\/\/culturdes.umh.es\/en\/2017\/11\/29\/participacion-en-el-8o-coloquio-internacional-filosofia-e-ficcao-tenda-dos-milagres-saberes-na-diferenca\/","title":{"rendered":"Participaci\u00f3n en el 8\u00ba Col\u00f3quio Internacional Filosofia e Fic\u00e7\u00e3o: Tenda dos milagres: saberes na diferen\u00e7a"},"content":{"rendered":"<p>Taller sobre investigaciones etnogr\u00e1ficas en patrimonio cultural \u2013 CRIA \u2013 FCSH \u2013 Lisboa<\/p>\n<p>El investigador predoctoral Jos\u00e9 Mart\u00ednez Jurado participa en el Workshop Etnogr\u00e1fico \u00abPatrim\u00f3nio ao desafio\u00bb, organizado por el CRIA \u2013 Centro em Rede de Investiga\u00e7\u00e3o em Antropologia en la Faculdade de ci\u00eancias sociais e humanas de la Universidade Nova de Lisboa. El taller cuenta con la participaci\u00f3n de prestigiosos investigadores Maria Cardeira da Silva (CRIA\/NOVA FCSH), Cyril Isnart (IDEMEC\/CRIA) y Marta Prista (CRIA\/NOVA FCSH).<\/p>\n<p>Porque el Patrimonio nos invita a mirar lo que exhibe, descuidamos muchas veces todo aquello que, al mismo tiempo, oculta. Y aun el inter\u00e9s acad\u00e9mico que ha recibido en los \u00faltimos a\u00f1os parece sucumbir a su poder de atracci\u00f3n. Este breve taller pretende retomar, desde cero, cuestiones que dejamos de plantear cuando trabajamos sobre el Patrimonio. Las primeras cuestiones ser\u00e1n lanzadas sobre la base de breves episodios de estudios etnogr\u00e1ficos en curso, cuyos autores, aunque reconocen la elocuencia de sus objetos, no quieren rehenes de su opacidad.<a href=\"http:\/\/culturdes.umh.es\/files\/2017\/11\/8coloquiofifi.jpg\"><img loading=\"lazy\" src=\"http:\/\/culturdes.umh.es\/files\/2017\/11\/8coloquiofifi-231x300.jpg\" alt=\"\" width=\"231\" height=\"300\" class=\"alignnone size-medium wp-image-548\" srcset=\"https:\/\/culturdes.umh.es\/files\/2017\/11\/8coloquiofifi-231x300.jpg 231w, https:\/\/culturdes.umh.es\/files\/2017\/11\/8coloquiofifi.jpg 431w\" sizes=\"(max-width: 231px) 100vw, 231px\" \/><\/a><a href=\"http:\/\/culturdes.umh.es\/files\/2017\/11\/8coloquiofifi.jpg\"><img loading=\"lazy\" src=\"http:\/\/culturdes.umh.es\/files\/2017\/11\/8coloquiofifi-231x300.jpg\" alt=\"\" width=\"231\" height=\"300\" class=\"alignnone size-medium wp-image-548\" srcset=\"https:\/\/culturdes.umh.es\/files\/2017\/11\/8coloquiofifi-231x300.jpg 231w, https:\/\/culturdes.umh.es\/files\/2017\/11\/8coloquiofifi.jpg 431w\" sizes=\"(max-width: 231px) 100vw, 231px\" \/><\/a><a href=\"http:\/\/culturdes.umh.es\/files\/2017\/11\/8coloquiofifi.jpg\"><img loading=\"lazy\" src=\"http:\/\/culturdes.umh.es\/files\/2017\/11\/8coloquiofifi-231x300.jpg\" alt=\"\" width=\"231\" height=\"300\" class=\"alignright size-medium wp-image-548\" srcset=\"https:\/\/culturdes.umh.es\/files\/2017\/11\/8coloquiofifi-231x300.jpg 231w, https:\/\/culturdes.umh.es\/files\/2017\/11\/8coloquiofifi.jpg 431w\" sizes=\"(max-width: 231px) 100vw, 231px\" \/><\/a><\/p>","protected":false},"excerpt":{"rendered":"<p>Taller sobre investigaciones etnogr\u00e1ficas en patrimonio cultural \u2013 CRIA \u2013 FCSH \u2013 Lisboa El investigador predoctoral Jos\u00e9 Mart\u00ednez Jurado participa en el Workshop Etnogr\u00e1fico \u00abPatrim\u00f3nio ao desafio\u00bb, organizado por el CRIA \u2013 Centro em Rede de Investiga\u00e7\u00e3o em Antropologia en la Faculdade de ci\u00eancias sociais e humanas de la Universidade Nova de Lisboa. El taller [&hellip;]<\/p>\n","protected":false},"author":14,"featured_media":0,"comment_status":"closed","ping_status":"closed","sticky":false,"template":"","format":"standard","meta":{"_links_to":"","_links_to_target":""},"categories":[18],"tags":[17,16,65,42,48,74],"_links":{"self":[{"href":"https:\/\/culturdes.umh.es\/en\/wp-json\/wp\/v2\/posts\/545"}],"collection":[{"href":"https:\/\/culturdes.umh.es\/en\/wp-json\/wp\/v2\/posts"}],"about":[{"href":"https:\/\/culturdes.umh.es\/en\/wp-json\/wp\/v2\/types\/post"}],"author":[{"embeddable":true,"href":"https:\/\/culturdes.umh.es\/en\/wp-json\/wp\/v2\/users\/14"}],"replies":[{"embeddable":true,"href":"https:\/\/culturdes.umh.es\/en\/wp-json\/wp\/v2\/comments?post=545"}],"version-history":[{"count":0,"href":"https:\/\/culturdes.umh.es\/en\/wp-json\/wp\/v2\/posts\/545\/revisions"}],"wp:attachment":[{"href":"https:\/\/culturdes.umh.es\/en\/wp-json\/wp\/v2\/media?parent=545"}],"wp:term":[{"taxonomy":"category","embeddable":true,"href":"https:\/\/culturdes.umh.es\/en\/wp-json\/wp\/v2\/categories?post=545"},{"taxonomy":"post_tag","embeddable":true,"href":"https:\/\/culturdes.umh.es\/en\/wp-json\/wp\/v2\/tags?post=545"}],"curies":[{"name":"wp","href":"https:\/\/api.w.org\/{rel}","templated":true}]}}