{"id":557,"date":"2018-03-07T19:04:16","date_gmt":"2018-03-07T18:04:16","guid":{"rendered":"http:\/\/culturdes.umh.es\/?p=557"},"modified":"2019-07-05T07:51:30","modified_gmt":"2019-07-05T07:51:30","slug":"culturdes-en-el-ii-congreso-internacional-de-sociologia-y-antropologia-del-turismo","status":"publish","type":"post","link":"https:\/\/culturdes.umh.es\/en\/2018\/03\/07\/culturdes-en-el-ii-congreso-internacional-de-sociologia-y-antropologia-del-turismo\/","title":{"rendered":"CULTURDES en el II Congreso Internacional de Sociolog\u00eda y Antropolog\u00eda del Turismo"},"content":{"rendered":"<p><a href=\"http:\/\/culturdes.umh.es\/files\/2018\/03\/CULTURDES.jpg\"><img loading=\"lazy\" class=\"alignright size-medium wp-image-560\" src=\"http:\/\/culturdes.umh.es\/files\/2018\/03\/CULTURDES-300x225.jpg\" alt=\"\" width=\"300\" height=\"225\" srcset=\"https:\/\/culturdes.umh.es\/files\/2018\/03\/CULTURDES-300x225.jpg 300w, https:\/\/culturdes.umh.es\/files\/2018\/03\/CULTURDES-1024x768.jpg 1024w, https:\/\/culturdes.umh.es\/files\/2018\/03\/CULTURDES-1080x810.jpg 1080w\" sizes=\"(max-width: 300px) 100vw, 300px\" \/><\/a><\/p>\n<p>CULTURDES ha tenido una amplia representaci\u00f3n en el\u00a0<a href=\"https:\/\/www.congresosocioloantropoturismo2018.es\">II Congreso Internacional de Sociolog\u00eda y Antropolog\u00eda del Turismo<\/a> que se ha celebrado en\u00a0la Universidad de Alicante los d\u00edas 1 y 2 de marzo de 2018.<\/p>\n<p>El profesor Dr. Antonio Miguel Nogu\u00e9s ha formado parte del comit\u00e9 organizador del Congreso y ha coordinado, junto con el profesor Dr. Ra\u00fal Trav\u00e9 Molero (<a href=\"https:\/\/www.ostelea.com\/es\">The Ostelea &#8211; School of Tourism &#038; Hospitality<\/a>) el grupo de trabajo &#8220;<a href=\"https:\/\/www.congresosocioloantropoturismo2018.es\/gt-10-teoria-y-metodologia-de-la-investigacion-social-aplicada-al-turismo\">Teor\u00eda y metodolog\u00eda de la investigaci\u00f3n social aplicada al turismo<\/a>&#8220;. As\u00ed mismo, el profesor Dr. Daniel Carmona Zubiri ha participado como coordinador el grupo &#8220;<a href=\"https:\/\/www.congresosocioloantropoturismo2018.es\/gt-4-turismo-y-patrimonio-cultural\">Turismo y patrimonio cultural<\/a>&#8220;.<\/p>\n<p>Hemos presentado tambi\u00e9n sendas investigaciones en forma de comunicaciones:<\/p>\n<ul>\n<li><a href=\"http:\/\/culturdes.umh.es\/miembros\/j-martinez-jurado\/\">Jos\u00e9 Mart\u00ednez Jurado<\/a> y <a href=\"http:\/\/culturdes.umh.es\/miembros\/m-dura-lizan\/\">Mercedes Dur\u00e1 Liz\u00e1n<\/a>. &#8220;El espacio tur\u00edstico como mediador de los procesos de (re)significaci\u00f3n en el campo del patrimonio cultural&#8221;<\/li>\n<li><a href=\"http:\/\/culturdes.umh.es\/miembros\/m-dura-lizan\/\">Mercedes Dur\u00e1 Liz\u00e1n<\/a>, <a href=\"http:\/\/culturdes.umh.es\/miembros\/r-trave-molero\/\">Ra\u00fal Trav\u00e9 Molero<\/a> y\u00a0<a href=\"http:\/\/culturdes.umh.es\/miembros\/j-martinez-jurado\/\">Jos\u00e9 Mart\u00ednez Jurado<\/a>. &#8220;Comunicaci\u00f3n y participaci\u00f3n pol\u00edtica en Itacar\u00e9, Bahia (Brasil)&#8221;<\/li>\n<\/ul>\n<p>\n\t\t<style type=\"text\/css\">\n\t\t\t#gallery-2 {\n\t\t\t\tmargin: auto;\n\t\t\t}\n\t\t\t#gallery-2 .gallery-item {\n\t\t\t\tfloat: left;\n\t\t\t\tmargin-top: 10px;\n\t\t\t\ttext-align: center;\n\t\t\t\twidth: 33%;\n\t\t\t}\n\t\t\t#gallery-2 img {\n\t\t\t\tborder: 2px solid #cfcfcf;\n\t\t\t}\n\t\t\t#gallery-2 .gallery-caption {\n\t\t\t\tmargin-left: 0;\n\t\t\t}\n\t\t\t\/* see gallery_shortcode() in wp-includes\/media.php *\/\n\t\t<\/style>\n\t\t<div id='gallery-2' class='gallery galleryid-557 gallery-columns-3 gallery-size-medium'><dl class='gallery-item'>\n\t\t\t<dt class='gallery-icon landscape'>\n\t\t\t\t<a href='https:\/\/culturdes.umh.es\/en\/2018\/03\/07\/culturdes-en-el-ii-congreso-internacional-de-sociologia-y-antropologia-del-turismo\/jose_martinez_patrimonio\/'><img width=\"300\" height=\"225\" src=\"https:\/\/culturdes.umh.es\/files\/2018\/03\/Jose_Martinez_patrimonio-300x225.jpg\" class=\"attachment-medium size-medium\" alt=\"\" loading=\"lazy\" aria-describedby=\"gallery-2-566\" srcset=\"https:\/\/culturdes.umh.es\/files\/2018\/03\/Jose_Martinez_patrimonio-300x225.jpg 300w, https:\/\/culturdes.umh.es\/files\/2018\/03\/Jose_Martinez_patrimonio-1024x768.jpg 1024w, https:\/\/culturdes.umh.es\/files\/2018\/03\/Jose_Martinez_patrimonio-1080x810.jpg 1080w\" sizes=\"(max-width: 300px) 100vw, 300px\" \/><\/a>\n\t\t\t<\/dt>\n\t\t\t\t<dd class='wp-caption-text gallery-caption' id='gallery-2-566'>\n\t\t\t\tJos\u00e9 Mart\u00ednez-Jurado\n\t\t\t\t<\/dd><\/dl><dl class='gallery-item'>\n\t\t\t<dt class='gallery-icon landscape'>\n\t\t\t\t<a href='https:\/\/culturdes.umh.es\/en\/2018\/03\/07\/culturdes-en-el-ii-congreso-internacional-de-sociologia-y-antropologia-del-turismo\/daniel-carmona\/'><img width=\"300\" height=\"224\" src=\"https:\/\/culturdes.umh.es\/files\/2018\/03\/Daniel-Carmona-300x224.jpeg\" class=\"attachment-medium size-medium\" alt=\"\" loading=\"lazy\" aria-describedby=\"gallery-2-563\" srcset=\"https:\/\/culturdes.umh.es\/files\/2018\/03\/Daniel-Carmona-300x224.jpeg 300w, https:\/\/culturdes.umh.es\/files\/2018\/03\/Daniel-Carmona-1024x765.jpeg 1024w, https:\/\/culturdes.umh.es\/files\/2018\/03\/Daniel-Carmona-1080x807.jpeg 1080w, https:\/\/culturdes.umh.es\/files\/2018\/03\/Daniel-Carmona.jpeg 1600w\" sizes=\"(max-width: 300px) 100vw, 300px\" \/><\/a>\n\t\t\t<\/dt>\n\t\t\t\t<dd class='wp-caption-text gallery-caption' id='gallery-2-563'>\n\t\t\t\tDaniel Carmona\n\t\t\t\t<\/dd><\/dl><dl class='gallery-item'>\n\t\t\t<dt class='gallery-icon landscape'>\n\t\t\t\t<a href='https:\/\/culturdes.umh.es\/en\/2018\/03\/07\/culturdes-en-el-ii-congreso-internacional-de-sociologia-y-antropologia-del-turismo\/mercedes_dura_comunicacion\/'><img width=\"300\" height=\"225\" src=\"https:\/\/culturdes.umh.es\/files\/2018\/03\/Mercedes_Dura_comunicacion-300x225.jpg\" class=\"attachment-medium size-medium\" alt=\"\" loading=\"lazy\" aria-describedby=\"gallery-2-569\" srcset=\"https:\/\/culturdes.umh.es\/files\/2018\/03\/Mercedes_Dura_comunicacion-300x225.jpg 300w, https:\/\/culturdes.umh.es\/files\/2018\/03\/Mercedes_Dura_comunicacion-1024x768.jpg 1024w, https:\/\/culturdes.umh.es\/files\/2018\/03\/Mercedes_Dura_comunicacion-1080x810.jpg 1080w\" sizes=\"(max-width: 300px) 100vw, 300px\" \/><\/a>\n\t\t\t<\/dt>\n\t\t\t\t<dd class='wp-caption-text gallery-caption' id='gallery-2-569'>\n\t\t\t\tMercedes Dur\u00e1 Liz\u00e1n\n\t\t\t\t<\/dd><\/dl><br style=\"clear: both\" \/>\n\t\t<\/div>\n<\/p>","protected":false},"excerpt":{"rendered":"<p>CULTURDES ha tenido una amplia representaci\u00f3n en el\u00a0II Congreso Internacional de Sociolog\u00eda y Antropolog\u00eda del Turismo que se ha celebrado en\u00a0la Universidad de Alicante los d\u00edas 1 y 2 de marzo de 2018. El profesor Dr. Antonio Miguel Nogu\u00e9s ha formado parte del comit\u00e9 organizador del Congreso y ha coordinado, junto con el profesor Dr. [&hellip;]<\/p>\n","protected":false},"author":14,"featured_media":0,"comment_status":"closed","ping_status":"closed","sticky":false,"template":"","format":"standard","meta":{"_links_to":"","_links_to_target":""},"categories":[18],"tags":[44,20],"_links":{"self":[{"href":"https:\/\/culturdes.umh.es\/en\/wp-json\/wp\/v2\/posts\/557"}],"collection":[{"href":"https:\/\/culturdes.umh.es\/en\/wp-json\/wp\/v2\/posts"}],"about":[{"href":"https:\/\/culturdes.umh.es\/en\/wp-json\/wp\/v2\/types\/post"}],"author":[{"embeddable":true,"href":"https:\/\/culturdes.umh.es\/en\/wp-json\/wp\/v2\/users\/14"}],"replies":[{"embeddable":true,"href":"https:\/\/culturdes.umh.es\/en\/wp-json\/wp\/v2\/comments?post=557"}],"version-history":[{"count":0,"href":"https:\/\/culturdes.umh.es\/en\/wp-json\/wp\/v2\/posts\/557\/revisions"}],"wp:attachment":[{"href":"https:\/\/culturdes.umh.es\/en\/wp-json\/wp\/v2\/media?parent=557"}],"wp:term":[{"taxonomy":"category","embeddable":true,"href":"https:\/\/culturdes.umh.es\/en\/wp-json\/wp\/v2\/categories?post=557"},{"taxonomy":"post_tag","embeddable":true,"href":"https:\/\/culturdes.umh.es\/en\/wp-json\/wp\/v2\/tags?post=557"}],"curies":[{"name":"wp","href":"https:\/\/api.w.org\/{rel}","templated":true}]}}