{"id":75,"date":"2011-02-22T16:03:59","date_gmt":"2011-02-22T14:03:59","guid":{"rendered":"http:\/\/culturdes.umh.es\/?p=75"},"modified":"2018-07-02T12:42:15","modified_gmt":"2018-07-02T12:42:15","slug":"documental-etnografico-prensa","status":"publish","type":"post","link":"https:\/\/culturdes.umh.es\/en\/2011\/02\/22\/documental-etnografico-prensa\/","title":{"rendered":"1\u00aa sesi\u00f3n de documental etnogr\u00e1fico en im\u00e1genes"},"content":{"rendered":"<p>1\u00aa Exhibition on ethnographic film &#8211; UMH appeared in <strong><a href=\"http:\/\/culturdes.umh.es\/files\/2011\/02\/Informacion_web.pdf\" target=\"_blank\">Peri\u00f3dico Informaci\u00f3n &#8211; Elche<\/a><\/strong> on February 18, 2011.<\/p>\n<p><img loading=\"lazy\" class=\"alignnone size-medium wp-image-77\" title=\"Presentaci\u00f3n\" src=\"http:\/\/culturdes.umh.es\/files\/2011\/02\/jornada1-300x160.jpg\" alt=\"\" width=\"300\" height=\"160\" \/><img loading=\"lazy\" class=\"alignnone size-medium wp-image-79\" title=\"Debate\" src=\"http:\/\/culturdes.umh.es\/files\/2011\/02\/Salvado-la-situaci\u00f3n-300x131.jpg\" alt=\"\" width=\"300\" height=\"131\" \/><img loading=\"lazy\" class=\"alignnone size-medium wp-image-78\" title=\"Charla-coloquio\" src=\"http:\/\/culturdes.umh.es\/files\/2011\/02\/presentaci\u00f3n1-275x300.jpg\" alt=\"\" width=\"220\" height=\"240\" \/><img loading=\"lazy\" class=\"alignnone size-medium wp-image-80\" title=\"Usos y fuciones\" src=\"http:\/\/culturdes.umh.es\/files\/2011\/02\/Usos-y-fuciones-300x192.jpg\" alt=\"\" width=\"300\" height=\"192\" srcset=\"https:\/\/culturdes.umh.es\/files\/2011\/02\/Usos-y-fuciones-300x192.jpg 300w, https:\/\/culturdes.umh.es\/files\/2011\/02\/Usos-y-fuciones-1024x655.jpg 1024w, https:\/\/culturdes.umh.es\/files\/2011\/02\/Usos-y-fuciones-1080x691.jpg 1080w, https:\/\/culturdes.umh.es\/files\/2011\/02\/Usos-y-fuciones.jpg 1181w\" sizes=\"(max-width: 300px) 100vw, 300px\" \/><\/p>","protected":false},"excerpt":{"rendered":"<p>1\u00aa Exhibition on ethnographic film &#8211; UMH appeared in Peri\u00f3dico Informaci\u00f3n &#8211; Elche on February 18, 2011.<\/p>\n","protected":false},"author":14,"featured_media":0,"comment_status":"closed","ping_status":"open","sticky":false,"template":"","format":"standard","meta":{"_links_to":"","_links_to_target":""},"categories":[14],"tags":[13],"_links":{"self":[{"href":"https:\/\/culturdes.umh.es\/en\/wp-json\/wp\/v2\/posts\/75"}],"collection":[{"href":"https:\/\/culturdes.umh.es\/en\/wp-json\/wp\/v2\/posts"}],"about":[{"href":"https:\/\/culturdes.umh.es\/en\/wp-json\/wp\/v2\/types\/post"}],"author":[{"embeddable":true,"href":"https:\/\/culturdes.umh.es\/en\/wp-json\/wp\/v2\/users\/14"}],"replies":[{"embeddable":true,"href":"https:\/\/culturdes.umh.es\/en\/wp-json\/wp\/v2\/comments?post=75"}],"version-history":[{"count":0,"href":"https:\/\/culturdes.umh.es\/en\/wp-json\/wp\/v2\/posts\/75\/revisions"}],"wp:attachment":[{"href":"https:\/\/culturdes.umh.es\/en\/wp-json\/wp\/v2\/media?parent=75"}],"wp:term":[{"taxonomy":"category","embeddable":true,"href":"https:\/\/culturdes.umh.es\/en\/wp-json\/wp\/v2\/categories?post=75"},{"taxonomy":"post_tag","embeddable":true,"href":"https:\/\/culturdes.umh.es\/en\/wp-json\/wp\/v2\/tags?post=75"}],"curies":[{"name":"wp","href":"https:\/\/api.w.org\/{rel}","templated":true}]}}